{"id":3300,"date":"2023-08-24T20:09:19","date_gmt":"2023-08-24T18:09:19","guid":{"rendered":"http:\/\/complot.cl\/acepta\/?p=3300"},"modified":"2025-01-30T11:38:34","modified_gmt":"2025-01-30T14:38:34","slug":"dia-mundial-del-emprendimiento","status":"publish","type":"post","link":"https:\/\/acepta.com\/pe\/blog\/2023\/08\/24\/dia-mundial-del-emprendimiento\/","title":{"rendered":"16 de abril: Celebra el d\u00eda mundial del emprendimiento"},"content":{"rendered":"\n<figure class=\"wp-block-image size-full\"><img decoding=\"async\" width=\"800\" height=\"450\" src=\"http:\/\/acepta.com\/pe\/wp-content\/uploads\/sites\/2\/2023\/10\/Dia-mundial-del-emprendimiento-edited.jpg\" alt=\"\" class=\"wp-image-4093\" srcset=\"https:\/\/acepta.com\/pe\/wp-content\/uploads\/sites\/2\/2023\/10\/Dia-mundial-del-emprendimiento-edited.jpg 800w, https:\/\/acepta.com\/pe\/wp-content\/uploads\/sites\/2\/2023\/10\/Dia-mundial-del-emprendimiento-edited-300x169.jpg 300w, https:\/\/acepta.com\/pe\/wp-content\/uploads\/sites\/2\/2023\/10\/Dia-mundial-del-emprendimiento-edited-768x432.jpg 768w\" sizes=\"(max-width: 800px) 100vw, 800px\" \/><\/figure>\n\n\n\n<p><\/p>\n\n\n\n<h2 class=\"wp-block-heading has-medium-font-size\" id=\"h-este-16-de-abril-se-celebra-el-dia-mundial-del-emprendimiento-entra-aqui-para-conocer-algunas-cifras-interesantes-sobre-el-emprendimiento-en-latinoamerica\"><em>Este 16 de abril se celebra el d\u00eda mundial del emprendimiento, entra aqu\u00ed para conocer algunas cifras interesantes sobre el emprendimiento en Latinoam\u00e9rica.<\/em><\/h2>\n\n\n\n<p>\u00bfSab\u00edas que, en Chile, el 98,6% de las empresas son Mipymes? Seg\u00fan reportes del Servicio de Impuestos Internos, el 75,5% de las empresas en el pa\u00eds son microempresas y el 23,1% son peque\u00f1as o medianas, mientras que las grandes empresas s\u00f3lo representan el 1,4% del total.<\/p>\n\n\n\n<p>Otra cifra interesante, observada en el estudio \u201cEmprendimiento en Tiempos de Pandemia\u201d de Ipsos, es que tres de cada diez emprendedores que han creado un negocio en el \u00faltimo a\u00f1o (en el mundo), dicen que fueron motivados a hacerlo por la pandemia. En esta investigaci\u00f3n, Chile se ubica en el sexto lugar entre los pa\u00edses con m\u00e1s emprendedores en el mundo, presentando adem\u00e1s un alto \u00edndice de esp\u00edritu emprendedor (81%) y un 49% de aspiraci\u00f3n empresarial (encuestados que piensan crear un emprendimiento en los pr\u00f3ximos 2 a\u00f1os).<\/p>\n\n\n\n<p>En el mismo estudio, Per\u00fa se ubica en el primer lugar entre los pa\u00edses con m\u00e1s experiencia emprendedora: 59% de los encuestados ha tenido o tiene actualmente un emprendimiento y 65% planea comenzar un negocio propio en los pr\u00f3ximos 2 a\u00f1os. Mientras que Colombia es el pa\u00eds con m\u00e1s emprendedores en el mundo y se ubica en el segundo lugar entre los pa\u00edses con m\u00e1s experiencia emprendedora (54%) y tercer lugar en aspiraci\u00f3n empresarial (60%).<\/p>\n\n\n\n<p>Estas cifras demuestran un alto crecimiento impulsado por los emprendedores en Latinoam\u00e9rica, lo que adem\u00e1s se ha podido observar en Rockstart Latam (la aceleradora internacional de <em>startups <\/em>m\u00e1s grande en Colombia), desde donde indican que de mantenerse as\u00ed, en 5 a\u00f1os Am\u00e9rica Latina podr\u00eda tener un ecosistema de emprendimiento m\u00e1s grande que el europeo.<\/p>\n\n\n\n<p>\u00bfY t\u00fa, qu\u00e9 esperas para crear tu propio negocio? Conoce algunos tips para hacer realidad tus proyectos en la siguiente nota: <a href=\"http:\/\/acepta.com\/pe\/blog\/2023\/08\/24\/5-pasos-para-impulsar-tu-emprendimiento\/\">5 pasos para impulsar tu emprendimiento<\/a><\/p>\n","protected":false},"excerpt":{"rendered":"<p>Este 16 de abril se celebra el d\u00eda mundial del emprendimiento, entra aqu\u00ed y conoce algunos datos interesantes<\/p>\n","protected":false},"author":1,"featured_media":4269,"comment_status":"closed","ping_status":"open","sticky":false,"template":"","format":"standard","meta":{"footnotes":""},"categories":[69],"tags":[62,63],"yoast_head":"<!-- This site is optimized with the Yoast SEO Premium plugin v22.3 (Yoast SEO v22.3) - https:\/\/yoast.com\/wordpress\/plugins\/seo\/ -->\n<title>16 de abril: Celebra el d\u00eda mundial del emprendimiento - Acepta Peru<\/title>\n<meta name=\"description\" content=\"El 16 de abril es el D\u00eda Mundial del Emprendimiento. Descubre datos clave sobre Per\u00fa y Latinoam\u00e9rica en esta fecha especial\" \/>\n<meta name=\"robots\" content=\"index, follow, max-snippet:-1, max-image-preview:large, max-video-preview:-1\" \/>\n<link rel=\"canonical\" href=\"https:\/\/acepta.com\/pe\/blog\/2023\/08\/24\/dia-mundial-del-emprendimiento\/\" \/>\n<meta property=\"og:locale\" content=\"es_ES\" \/>\n<meta property=\"og:type\" content=\"article\" \/>\n<meta property=\"og:title\" content=\"16 de abril: Celebra el d\u00eda mundial del emprendimiento\" \/>\n<meta property=\"og:description\" content=\"El 16 de abril es el D\u00eda Mundial del Emprendimiento. Descubre datos clave sobre Per\u00fa y Latinoam\u00e9rica en esta fecha especial\" \/>\n<meta property=\"og:url\" content=\"https:\/\/acepta.com\/pe\/blog\/2023\/08\/24\/dia-mundial-del-emprendimiento\/\" \/>\n<meta property=\"og:site_name\" content=\"Acepta Peru\" \/>\n<meta property=\"article:publisher\" content=\"https:\/\/www.facebook.com\/AceptaLatinoamerica\" \/>\n<meta property=\"article:published_time\" content=\"2023-08-24T18:09:19+00:00\" \/>\n<meta property=\"article:modified_time\" content=\"2025-01-30T14:38:34+00:00\" \/>\n<meta property=\"og:image\" content=\"https:\/\/acepta.com\/pe\/wp-content\/uploads\/sites\/2\/2023\/08\/Acepta_Peru_Dia-mundial-del-emprendimiento.jpg\" \/>\n\t<meta property=\"og:image:width\" content=\"1920\" \/>\n\t<meta property=\"og:image:height\" content=\"1080\" \/>\n\t<meta property=\"og:image:type\" content=\"image\/jpeg\" \/>\n<meta name=\"author\" content=\"IuntaDev\" \/>\n<meta name=\"twitter:card\" content=\"summary_large_image\" \/>\n<meta name=\"twitter:label1\" content=\"Escrito por\" \/>\n\t<meta name=\"twitter:data1\" content=\"IuntaDev\" \/>\n\t<meta name=\"twitter:label2\" content=\"Tiempo de lectura\" \/>\n\t<meta name=\"twitter:data2\" content=\"2 minutos\" \/>\n<script type=\"application\/ld+json\" class=\"yoast-schema-graph\">{\"@context\":\"https:\/\/schema.org\",\"@graph\":[{\"@type\":\"Article\",\"@id\":\"https:\/\/acepta.com\/pe\/blog\/2023\/08\/24\/dia-mundial-del-emprendimiento\/#article\",\"isPartOf\":{\"@id\":\"https:\/\/acepta.com\/pe\/blog\/2023\/08\/24\/dia-mundial-del-emprendimiento\/\"},\"author\":{\"name\":\"IuntaDev\",\"@id\":\"https:\/\/acepta.com\/pe\/#\/schema\/person\/71fb2e5f5c9705fb6538f7f6c0dd8e31\"},\"headline\":\"16 de abril: Celebra el d\u00eda mundial del emprendimiento\",\"datePublished\":\"2023-08-24T18:09:19+00:00\",\"dateModified\":\"2025-01-30T14:38:34+00:00\",\"mainEntityOfPage\":{\"@id\":\"https:\/\/acepta.com\/pe\/blog\/2023\/08\/24\/dia-mundial-del-emprendimiento\/\"},\"wordCount\":338,\"publisher\":{\"@id\":\"https:\/\/acepta.com\/pe\/#organization\"},\"image\":{\"@id\":\"https:\/\/acepta.com\/pe\/blog\/2023\/08\/24\/dia-mundial-del-emprendimiento\/#primaryimage\"},\"thumbnailUrl\":\"https:\/\/acepta.com\/pe\/wp-content\/uploads\/sites\/2\/2023\/08\/Acepta_Peru_Dia-mundial-del-emprendimiento.jpg\",\"keywords\":[\"Chile\",\"Per\u00fa\"],\"articleSection\":[\"Emprendimiento\"],\"inLanguage\":\"es\"},{\"@type\":\"WebPage\",\"@id\":\"https:\/\/acepta.com\/pe\/blog\/2023\/08\/24\/dia-mundial-del-emprendimiento\/\",\"url\":\"https:\/\/acepta.com\/pe\/blog\/2023\/08\/24\/dia-mundial-del-emprendimiento\/\",\"name\":\"16 de abril: Celebra el d\u00eda mundial del emprendimiento - Acepta Peru\",\"isPartOf\":{\"@id\":\"https:\/\/acepta.com\/pe\/#website\"},\"primaryImageOfPage\":{\"@id\":\"https:\/\/acepta.com\/pe\/blog\/2023\/08\/24\/dia-mundial-del-emprendimiento\/#primaryimage\"},\"image\":{\"@id\":\"https:\/\/acepta.com\/pe\/blog\/2023\/08\/24\/dia-mundial-del-emprendimiento\/#primaryimage\"},\"thumbnailUrl\":\"https:\/\/acepta.com\/pe\/wp-content\/uploads\/sites\/2\/2023\/08\/Acepta_Peru_Dia-mundial-del-emprendimiento.jpg\",\"datePublished\":\"2023-08-24T18:09:19+00:00\",\"dateModified\":\"2025-01-30T14:38:34+00:00\",\"description\":\"El 16 de abril es el D\u00eda Mundial del Emprendimiento. Descubre datos clave sobre Per\u00fa y Latinoam\u00e9rica en esta fecha especial\",\"breadcrumb\":{\"@id\":\"https:\/\/acepta.com\/pe\/blog\/2023\/08\/24\/dia-mundial-del-emprendimiento\/#breadcrumb\"},\"inLanguage\":\"es\",\"potentialAction\":[{\"@type\":\"ReadAction\",\"target\":[\"https:\/\/acepta.com\/pe\/blog\/2023\/08\/24\/dia-mundial-del-emprendimiento\/\"]}]},{\"@type\":\"ImageObject\",\"inLanguage\":\"es\",\"@id\":\"https:\/\/acepta.com\/pe\/blog\/2023\/08\/24\/dia-mundial-del-emprendimiento\/#primaryimage\",\"url\":\"https:\/\/acepta.com\/pe\/wp-content\/uploads\/sites\/2\/2023\/08\/Acepta_Peru_Dia-mundial-del-emprendimiento.jpg\",\"contentUrl\":\"https:\/\/acepta.com\/pe\/wp-content\/uploads\/sites\/2\/2023\/08\/Acepta_Peru_Dia-mundial-del-emprendimiento.jpg\",\"width\":1920,\"height\":1080,\"caption\":\"Persona disfrutando del d\u00eda mundial emprendimiento\"},{\"@type\":\"BreadcrumbList\",\"@id\":\"https:\/\/acepta.com\/pe\/blog\/2023\/08\/24\/dia-mundial-del-emprendimiento\/#breadcrumb\",\"itemListElement\":[{\"@type\":\"ListItem\",\"position\":1,\"name\":\"Portada\",\"item\":\"https:\/\/acepta.com\/pe\/\"},{\"@type\":\"ListItem\",\"position\":2,\"name\":\"16 de abril: Celebra el d\u00eda mundial del emprendimiento\"}]},{\"@type\":\"WebSite\",\"@id\":\"https:\/\/acepta.com\/pe\/#website\",\"url\":\"https:\/\/acepta.com\/pe\/\",\"name\":\"Acepta Peru\",\"description\":\"Somos proveedores de Certificados Digitales y Firmas Electr\u00f3nicas para la gesti\u00f3n tributaria y documental de tu negocio.\",\"publisher\":{\"@id\":\"https:\/\/acepta.com\/pe\/#organization\"},\"potentialAction\":[{\"@type\":\"SearchAction\",\"target\":{\"@type\":\"EntryPoint\",\"urlTemplate\":\"https:\/\/acepta.com\/pe\/?s={search_term_string}\"},\"query-input\":\"required name=search_term_string\"}],\"inLanguage\":\"es\"},{\"@type\":\"Organization\",\"@id\":\"https:\/\/acepta.com\/pe\/#organization\",\"name\":\"Acepta Per\u00fa\",\"url\":\"https:\/\/acepta.com\/pe\/\",\"logo\":{\"@type\":\"ImageObject\",\"inLanguage\":\"es\",\"@id\":\"https:\/\/acepta.com\/pe\/#\/schema\/logo\/image\/\",\"url\":\"\",\"contentUrl\":\"\",\"caption\":\"Acepta Per\u00fa\"},\"image\":{\"@id\":\"https:\/\/acepta.com\/pe\/#\/schema\/logo\/image\/\"},\"sameAs\":[\"https:\/\/www.facebook.com\/AceptaLatinoamerica\",\"https:\/\/www.instagram.com\/aceptalatinoamerica\",\"https:\/\/www.linkedin.com\/company\/acepta\/\"]},{\"@type\":\"Person\",\"@id\":\"https:\/\/acepta.com\/pe\/#\/schema\/person\/71fb2e5f5c9705fb6538f7f6c0dd8e31\",\"name\":\"IuntaDev\",\"image\":{\"@type\":\"ImageObject\",\"inLanguage\":\"es\",\"@id\":\"https:\/\/acepta.com\/pe\/#\/schema\/person\/image\/\",\"url\":\"https:\/\/secure.gravatar.com\/avatar\/5554559bdfcbcfe48cc12ad09b390993?s=96&d=mm&r=g\",\"contentUrl\":\"https:\/\/secure.gravatar.com\/avatar\/5554559bdfcbcfe48cc12ad09b390993?s=96&d=mm&r=g\",\"caption\":\"IuntaDev\"},\"sameAs\":[\"http:\/\/complot.cl\/acepta\"],\"url\":\"https:\/\/acepta.com\/pe\/blog\/author\/iuntadev\/\"}]}<\/script>\n<!-- \/ Yoast SEO Premium plugin. -->","yoast_head_json":{"title":"16 de abril: Celebra el d\u00eda mundial del emprendimiento - Acepta Peru","description":"El 16 de abril es el D\u00eda Mundial del Emprendimiento. Descubre datos clave sobre Per\u00fa y Latinoam\u00e9rica en esta fecha especial","robots":{"index":"index","follow":"follow","max-snippet":"max-snippet:-1","max-image-preview":"max-image-preview:large","max-video-preview":"max-video-preview:-1"},"canonical":"https:\/\/acepta.com\/pe\/blog\/2023\/08\/24\/dia-mundial-del-emprendimiento\/","og_locale":"es_ES","og_type":"article","og_title":"16 de abril: Celebra el d\u00eda mundial del emprendimiento","og_description":"El 16 de abril es el D\u00eda Mundial del Emprendimiento. Descubre datos clave sobre Per\u00fa y Latinoam\u00e9rica en esta fecha especial","og_url":"https:\/\/acepta.com\/pe\/blog\/2023\/08\/24\/dia-mundial-del-emprendimiento\/","og_site_name":"Acepta Peru","article_publisher":"https:\/\/www.facebook.com\/AceptaLatinoamerica","article_published_time":"2023-08-24T18:09:19+00:00","article_modified_time":"2025-01-30T14:38:34+00:00","og_image":[{"width":1920,"height":1080,"url":"https:\/\/acepta.com\/pe\/wp-content\/uploads\/sites\/2\/2023\/08\/Acepta_Peru_Dia-mundial-del-emprendimiento.jpg","type":"image\/jpeg"}],"author":"IuntaDev","twitter_card":"summary_large_image","twitter_misc":{"Escrito por":"IuntaDev","Tiempo de lectura":"2 minutos"},"schema":{"@context":"https:\/\/schema.org","@graph":[{"@type":"Article","@id":"https:\/\/acepta.com\/pe\/blog\/2023\/08\/24\/dia-mundial-del-emprendimiento\/#article","isPartOf":{"@id":"https:\/\/acepta.com\/pe\/blog\/2023\/08\/24\/dia-mundial-del-emprendimiento\/"},"author":{"name":"IuntaDev","@id":"https:\/\/acepta.com\/pe\/#\/schema\/person\/71fb2e5f5c9705fb6538f7f6c0dd8e31"},"headline":"16 de abril: Celebra el d\u00eda mundial del emprendimiento","datePublished":"2023-08-24T18:09:19+00:00","dateModified":"2025-01-30T14:38:34+00:00","mainEntityOfPage":{"@id":"https:\/\/acepta.com\/pe\/blog\/2023\/08\/24\/dia-mundial-del-emprendimiento\/"},"wordCount":338,"publisher":{"@id":"https:\/\/acepta.com\/pe\/#organization"},"image":{"@id":"https:\/\/acepta.com\/pe\/blog\/2023\/08\/24\/dia-mundial-del-emprendimiento\/#primaryimage"},"thumbnailUrl":"https:\/\/acepta.com\/pe\/wp-content\/uploads\/sites\/2\/2023\/08\/Acepta_Peru_Dia-mundial-del-emprendimiento.jpg","keywords":["Chile","Per\u00fa"],"articleSection":["Emprendimiento"],"inLanguage":"es"},{"@type":"WebPage","@id":"https:\/\/acepta.com\/pe\/blog\/2023\/08\/24\/dia-mundial-del-emprendimiento\/","url":"https:\/\/acepta.com\/pe\/blog\/2023\/08\/24\/dia-mundial-del-emprendimiento\/","name":"16 de abril: Celebra el d\u00eda mundial del emprendimiento - Acepta Peru","isPartOf":{"@id":"https:\/\/acepta.com\/pe\/#website"},"primaryImageOfPage":{"@id":"https:\/\/acepta.com\/pe\/blog\/2023\/08\/24\/dia-mundial-del-emprendimiento\/#primaryimage"},"image":{"@id":"https:\/\/acepta.com\/pe\/blog\/2023\/08\/24\/dia-mundial-del-emprendimiento\/#primaryimage"},"thumbnailUrl":"https:\/\/acepta.com\/pe\/wp-content\/uploads\/sites\/2\/2023\/08\/Acepta_Peru_Dia-mundial-del-emprendimiento.jpg","datePublished":"2023-08-24T18:09:19+00:00","dateModified":"2025-01-30T14:38:34+00:00","description":"El 16 de abril es el D\u00eda Mundial del Emprendimiento. Descubre datos clave sobre Per\u00fa y Latinoam\u00e9rica en esta fecha especial","breadcrumb":{"@id":"https:\/\/acepta.com\/pe\/blog\/2023\/08\/24\/dia-mundial-del-emprendimiento\/#breadcrumb"},"inLanguage":"es","potentialAction":[{"@type":"ReadAction","target":["https:\/\/acepta.com\/pe\/blog\/2023\/08\/24\/dia-mundial-del-emprendimiento\/"]}]},{"@type":"ImageObject","inLanguage":"es","@id":"https:\/\/acepta.com\/pe\/blog\/2023\/08\/24\/dia-mundial-del-emprendimiento\/#primaryimage","url":"https:\/\/acepta.com\/pe\/wp-content\/uploads\/sites\/2\/2023\/08\/Acepta_Peru_Dia-mundial-del-emprendimiento.jpg","contentUrl":"https:\/\/acepta.com\/pe\/wp-content\/uploads\/sites\/2\/2023\/08\/Acepta_Peru_Dia-mundial-del-emprendimiento.jpg","width":1920,"height":1080,"caption":"Persona disfrutando del d\u00eda mundial emprendimiento"},{"@type":"BreadcrumbList","@id":"https:\/\/acepta.com\/pe\/blog\/2023\/08\/24\/dia-mundial-del-emprendimiento\/#breadcrumb","itemListElement":[{"@type":"ListItem","position":1,"name":"Portada","item":"https:\/\/acepta.com\/pe\/"},{"@type":"ListItem","position":2,"name":"16 de abril: Celebra el d\u00eda mundial del emprendimiento"}]},{"@type":"WebSite","@id":"https:\/\/acepta.com\/pe\/#website","url":"https:\/\/acepta.com\/pe\/","name":"Acepta Peru","description":"Somos proveedores de Certificados Digitales y Firmas Electr\u00f3nicas para la gesti\u00f3n tributaria y documental de tu negocio.","publisher":{"@id":"https:\/\/acepta.com\/pe\/#organization"},"potentialAction":[{"@type":"SearchAction","target":{"@type":"EntryPoint","urlTemplate":"https:\/\/acepta.com\/pe\/?s={search_term_string}"},"query-input":"required name=search_term_string"}],"inLanguage":"es"},{"@type":"Organization","@id":"https:\/\/acepta.com\/pe\/#organization","name":"Acepta Per\u00fa","url":"https:\/\/acepta.com\/pe\/","logo":{"@type":"ImageObject","inLanguage":"es","@id":"https:\/\/acepta.com\/pe\/#\/schema\/logo\/image\/","url":"","contentUrl":"","caption":"Acepta Per\u00fa"},"image":{"@id":"https:\/\/acepta.com\/pe\/#\/schema\/logo\/image\/"},"sameAs":["https:\/\/www.facebook.com\/AceptaLatinoamerica","https:\/\/www.instagram.com\/aceptalatinoamerica","https:\/\/www.linkedin.com\/company\/acepta\/"]},{"@type":"Person","@id":"https:\/\/acepta.com\/pe\/#\/schema\/person\/71fb2e5f5c9705fb6538f7f6c0dd8e31","name":"IuntaDev","image":{"@type":"ImageObject","inLanguage":"es","@id":"https:\/\/acepta.com\/pe\/#\/schema\/person\/image\/","url":"https:\/\/secure.gravatar.com\/avatar\/5554559bdfcbcfe48cc12ad09b390993?s=96&d=mm&r=g","contentUrl":"https:\/\/secure.gravatar.com\/avatar\/5554559bdfcbcfe48cc12ad09b390993?s=96&d=mm&r=g","caption":"IuntaDev"},"sameAs":["http:\/\/complot.cl\/acepta"],"url":"https:\/\/acepta.com\/pe\/blog\/author\/iuntadev\/"}]}},"_links":{"self":[{"href":"https:\/\/acepta.com\/pe\/wp-json\/wp\/v2\/posts\/3300"}],"collection":[{"href":"https:\/\/acepta.com\/pe\/wp-json\/wp\/v2\/posts"}],"about":[{"href":"https:\/\/acepta.com\/pe\/wp-json\/wp\/v2\/types\/post"}],"author":[{"embeddable":true,"href":"https:\/\/acepta.com\/pe\/wp-json\/wp\/v2\/users\/1"}],"replies":[{"embeddable":true,"href":"https:\/\/acepta.com\/pe\/wp-json\/wp\/v2\/comments?post=3300"}],"version-history":[{"count":0,"href":"https:\/\/acepta.com\/pe\/wp-json\/wp\/v2\/posts\/3300\/revisions"}],"wp:featuredmedia":[{"embeddable":true,"href":"https:\/\/acepta.com\/pe\/wp-json\/wp\/v2\/media\/4269"}],"wp:attachment":[{"href":"https:\/\/acepta.com\/pe\/wp-json\/wp\/v2\/media?parent=3300"}],"wp:term":[{"taxonomy":"category","embeddable":true,"href":"https:\/\/acepta.com\/pe\/wp-json\/wp\/v2\/categories?post=3300"},{"taxonomy":"post_tag","embeddable":true,"href":"https:\/\/acepta.com\/pe\/wp-json\/wp\/v2\/tags?post=3300"}],"curies":[{"name":"wp","href":"https:\/\/api.w.org\/{rel}","templated":true}]}}